{"id":1696,"date":"2022-10-23T15:34:35","date_gmt":"2022-10-23T15:34:35","guid":{"rendered":"https:\/\/leibniz-institut.de\/?p=1696"},"modified":"2022-11-17T15:53:24","modified_gmt":"2022-11-17T15:53:24","slug":"10-symposium-des-arbeitskreises-allgemeine-technologie","status":"publish","type":"post","link":"https:\/\/leibniz-institut.de\/en\/10-symposium-des-arbeitskreises-allgemeine-technologie\/","title":{"rendered":"10. Symposium des Arbeitskreises Allgemeine Technologie"},"content":{"rendered":"\n<p>Die Leibniz-Soziet\u00e4t veranstaltet in Kooperation mit dem Verein Brandenburgischer Ingenieure und Wirtschaftler e.V. (VBIW) und dem Leibniz-Institut f\u00fcr interdisziplin\u00e4re Studien e.V. (LIFIS) das<\/p>\n\n\n\n<h4 class=\"wp-block-heading\">10. Symposium des Arbeitskreises Allgemeine Technologie<\/h4>\n\n\n\n<h2 class=\"has-text-align-center wp-block-heading\">ALLGEMEINE TECHNOLOGIE \u2013 EINE BESTANDSAUFNAHME<\/h2>\n\n\n\n<p class=\"has-text-align-center\">am 11. November 2022, 10:00 Uhr \u2013 ca. 16:30 Uhr,<\/p>\n\n\n\n<p>Universit\u00e4t Potsdam, Campus Griebnitzsee,<br>August-Bebel-Stra\u00dfe 89, 14482 Potsdam<\/p>\n\n\n\n<p>Wir beehren uns, Sie zu dieser Veranstaltung herzlich einzuladen.<\/p>\n\n\n\n<p>Professorin Dr. Gerda Ha\u00dfler<br>Pr\u00e4sidentin der Leibniz-Soziet\u00e4t<\/p>\n\n\n\n<p>Dr. Norbert Mertzsch<br>Vorsitzender des VBIW<\/p>\n\n\n\n<p>Professor Dr. Werner Regen<br>Vorsitzender des Vorstands des LIFIS<\/p>\n\n\n\n<ul class=\"wp-block-list\">\n<li><a href=\"https:\/\/leibniz-institut.de\/WordPress_01\/wp-content\/uploads\/20221111-Flyer-AT-Symposium.pdf\">Einladungsflyer und mehr zum Programm<\/a><\/li>\n\n\n\n<li><a href=\"https:\/\/leibnizsozietaet.de\/symposium-allgemeine-technologie-eine-bestandsaufnahme-bericht\">Bericht vom Symposium<\/a><\/li>\n<\/ul>\n","protected":false},"excerpt":{"rendered":"<p>Die Leibniz-Soziet\u00e4t veranstaltet in Kooperation mit dem Verein Brandenburgischer Ingenieure und Wirtschaftler e.V. (VBIW) und dem Leibniz-Institut f\u00fcr interdisziplin\u00e4re Studien e.V. (LIFIS) das 10. Symposium des Arbeitskreises Allgemeine Technologie ALLGEMEINE <a class=\"more-link\" href=\"https:\/\/leibniz-institut.de\/en\/10-symposium-des-arbeitskreises-allgemeine-technologie\/\">Weiterlesen \u2192<\/a><\/p>\n","protected":false},"author":2,"featured_media":0,"comment_status":"closed","ping_status":"closed","sticky":false,"template":"","format":"standard","meta":{"footnotes":""},"categories":[7],"tags":[],"class_list":["post-1696","post","type-post","status-publish","format-standard","hentry","category-ankuendigung"],"translation":{"provider":"WPGlobus","version":"3.0.2","language":"en","enabled_languages":["de","en","ru"],"languages":{"de":{"title":true,"content":true,"excerpt":false},"en":{"title":false,"content":false,"excerpt":false},"ru":{"title":false,"content":false,"excerpt":false}}},"_links":{"self":[{"href":"https:\/\/leibniz-institut.de\/en\/wp-json\/wp\/v2\/posts\/1696","targetHints":{"allow":["GET"]}}],"collection":[{"href":"https:\/\/leibniz-institut.de\/en\/wp-json\/wp\/v2\/posts"}],"about":[{"href":"https:\/\/leibniz-institut.de\/en\/wp-json\/wp\/v2\/types\/post"}],"author":[{"embeddable":true,"href":"https:\/\/leibniz-institut.de\/en\/wp-json\/wp\/v2\/users\/2"}],"replies":[{"embeddable":true,"href":"https:\/\/leibniz-institut.de\/en\/wp-json\/wp\/v2\/comments?post=1696"}],"version-history":[{"count":6,"href":"https:\/\/leibniz-institut.de\/en\/wp-json\/wp\/v2\/posts\/1696\/revisions"}],"predecessor-version":[{"id":1713,"href":"https:\/\/leibniz-institut.de\/en\/wp-json\/wp\/v2\/posts\/1696\/revisions\/1713"}],"wp:attachment":[{"href":"https:\/\/leibniz-institut.de\/en\/wp-json\/wp\/v2\/media?parent=1696"}],"wp:term":[{"taxonomy":"category","embeddable":true,"href":"https:\/\/leibniz-institut.de\/en\/wp-json\/wp\/v2\/categories?post=1696"},{"taxonomy":"post_tag","embeddable":true,"href":"https:\/\/leibniz-institut.de\/en\/wp-json\/wp\/v2\/tags?post=1696"}],"curies":[{"name":"wp","href":"https:\/\/api.w.org\/{rel}","templated":true}]}}