{"id":2101,"date":"2024-05-15T15:50:11","date_gmt":"2024-05-15T15:50:11","guid":{"rendered":"https:\/\/leibniz-institut.de\/?p=2101"},"modified":"2025-03-27T10:58:06","modified_gmt":"2025-03-27T10:58:06","slug":"kolloquium-20240621","status":"publish","type":"post","link":"https:\/\/leibniz-institut.de\/en\/kolloquium-20240621\/","title":{"rendered":"Gemeinsames Kolloquium von Leibniz-Soziet\u00e4t, Universit\u00e4t Potsdam und LIFIS"},"content":{"rendered":"\n<p>Das Kolloquium<\/p>\n\n\n\n<h3 class=\"wp-block-heading has-text-align-center\"><em>Die Energiewende 2.0 Im Fokus: <br>Review des Transformationsprozesses<br>des Energiesystems in Deutschland<\/em><\/h3>\n\n\n\n<p>findet am 21. Juni 2024, 10.00 Uhr \u2013 16.00 Uhr an der <\/p>\n\n\n\n<p>Universit\u00e4t Potsdam, Campus Griebnitzsee,<br>Haus 6, Seminarraum 3.06.S15,<br>August-Bebel-Str. 89, 14482 Potsdam<\/p>\n\n\n\n<p>statt als gemeinsame Veranstaltung der <\/p>\n\n\n\n<p>LEIBNIZ-SOZIET\u00c4T DER WISSENSCHAFTEN ZU BERLIN E. V.<\/p>\n\n\n\n<p>in Kooperation mit Univ.-Prof. Dr. Bj\u00f6rn Egbert, Professur f\u00fcr Grundschulp\u00e4dagogik Sachunterricht der Universit\u00e4t Potsdam<\/p>\n\n\n\n<p>und dem LEIBNIZ-INSTITUT f\u00fcr interdisziplin\u00e4re Studien e.V. Berlin.<\/p>\n\n\n\n<ul class=\"wp-block-list\">\n<li><a href=\"https:\/\/leibniz-institut.de\/WordPress_01\/wp-content\/uploads\/Kolloquium-20240621.pdf\" data-type=\"attachment\" data-id=\"2103\">Tagungsank\u00fcndigung, Programm und Abstracts der Beitr\u00e4ge<\/a><\/li>\n\n\n\n<li><a href=\"https:\/\/leibniz-institut.de\/WordPress_01\/wp-content\/uploads\/Banse-20240621.pdf\" data-type=\"attachment\" data-id=\"2133\">Vortragsfolien<\/a> Prof. Banse <\/li>\n<\/ul>\n\n\n\n<p><\/p>\n","protected":false},"excerpt":{"rendered":"<p>Das Kolloquium Die Energiewende 2.0 Im Fokus: Review des Transformationsprozessesdes Energiesystems in Deutschland findet am 21. Juni 2024, 10.00 Uhr \u2013 16.00 Uhr an der Universit\u00e4t Potsdam, Campus Griebnitzsee,Haus 6, <a class=\"more-link\" href=\"https:\/\/leibniz-institut.de\/en\/kolloquium-20240621\/\">Weiterlesen \u2192<\/a><\/p>\n","protected":false},"author":2,"featured_media":0,"comment_status":"closed","ping_status":"closed","sticky":false,"template":"","format":"standard","meta":{"footnotes":""},"categories":[7],"tags":[],"class_list":["post-2101","post","type-post","status-publish","format-standard","hentry","category-ankuendigung"],"translation":{"provider":"WPGlobus","version":"3.0.2","language":"en","enabled_languages":["de","en","ru"],"languages":{"de":{"title":true,"content":true,"excerpt":false},"en":{"title":false,"content":false,"excerpt":false},"ru":{"title":false,"content":false,"excerpt":false}}},"_links":{"self":[{"href":"https:\/\/leibniz-institut.de\/en\/wp-json\/wp\/v2\/posts\/2101","targetHints":{"allow":["GET"]}}],"collection":[{"href":"https:\/\/leibniz-institut.de\/en\/wp-json\/wp\/v2\/posts"}],"about":[{"href":"https:\/\/leibniz-institut.de\/en\/wp-json\/wp\/v2\/types\/post"}],"author":[{"embeddable":true,"href":"https:\/\/leibniz-institut.de\/en\/wp-json\/wp\/v2\/users\/2"}],"replies":[{"embeddable":true,"href":"https:\/\/leibniz-institut.de\/en\/wp-json\/wp\/v2\/comments?post=2101"}],"version-history":[{"count":3,"href":"https:\/\/leibniz-institut.de\/en\/wp-json\/wp\/v2\/posts\/2101\/revisions"}],"predecessor-version":[{"id":2135,"href":"https:\/\/leibniz-institut.de\/en\/wp-json\/wp\/v2\/posts\/2101\/revisions\/2135"}],"wp:attachment":[{"href":"https:\/\/leibniz-institut.de\/en\/wp-json\/wp\/v2\/media?parent=2101"}],"wp:term":[{"taxonomy":"category","embeddable":true,"href":"https:\/\/leibniz-institut.de\/en\/wp-json\/wp\/v2\/categories?post=2101"},{"taxonomy":"post_tag","embeddable":true,"href":"https:\/\/leibniz-institut.de\/en\/wp-json\/wp\/v2\/tags?post=2101"}],"curies":[{"name":"wp","href":"https:\/\/api.w.org\/{rel}","templated":true}]}}