{"id":2136,"date":"2025-03-30T09:24:29","date_gmt":"2025-03-30T09:24:29","guid":{"rendered":"https:\/\/leibniz-institut.de\/?p=2136"},"modified":"2025-03-30T09:29:57","modified_gmt":"2025-03-30T09:29:57","slug":"ein-gespraech-ueber-den-weg-zum-frieden","status":"publish","type":"post","link":"https:\/\/leibniz-institut.de\/en\/ein-gespraech-ueber-den-weg-zum-frieden\/","title":{"rendered":"Ein Gespr\u00e4ch \u00fcber den Weg zum Frieden"},"content":{"rendered":"\n<p>Liebe Interessierte am LIFIS,<\/p>\n\n\n\n<p>heute er\u00f6ffnen wir eine neue Rubrik auf unserer Web-Seite: Wir bieten Ihnen aus der Sicht einzelner unserer Mitstreiter Interessantes und Lesenswertes &#8220;Bei anderen gelesen\u201c an.<\/p>\n\n\n\n<p>Wir verweisen mit dem auf der Seite gezeigten Link auf das Original bzw. auf die uns verf\u00fcgbare Quelle der Ver\u00f6ffentlichung.<\/p>\n\n\n\n<p>In der heutigen Zeit hat das Thema \u201eKrieg und Frieden\u201c eine besondere Brisanz. Nicht nur Tolstoi widmete sich dieser Frage, sondern auch viele andere.<\/p>\n\n\n\n<p>Einen aus meiner Sicht neuen Blickwinkel brachte k\u00fcrzlich Bernd Liske. Er nannte es: \u201e<strong><a href=\"https:\/\/www.liske.de\/post\/frieden-teil-1\">Ein Gespr\u00e4ch \u00fcber den Weg zum Frieden zwischen ChatGPT und Bernd Liske<\/a>\u201c.<\/strong> Gerade die Entwicklungen in der sogenannten \u201eZeitenwende\u201c wie auch die ChatGPT-Diskussion haben daf\u00fcr Gr\u00fcnde geliefert, sich \u201eanders\u201c dem FRIEDEN zuzuwenden. Auch mein pers\u00f6nlicher Eindruck ist, dass es unserem Land gut tut, sich intensiver und umfassender mit dieser existenziellen Frage auseinanderzusetzen und einen allumfassenden Diskurs dar\u00fcber zu f\u00fchren. Deshalb meine Empfehlung, in die Ausf\u00fchrungen von Bernd Liske hineinzuschauen.\u00a0<\/p>\n\n\n\n<p>Werner Regen, 29.03.2025<\/p>\n","protected":false},"excerpt":{"rendered":"<p>Liebe Interessierte am LIFIS, heute er\u00f6ffnen wir eine neue Rubrik auf unserer Web-Seite: Wir bieten Ihnen aus der Sicht einzelner unserer Mitstreiter Interessantes und Lesenswertes &#8220;Bei anderen gelesen\u201c an. Wir <a class=\"more-link\" href=\"https:\/\/leibniz-institut.de\/en\/ein-gespraech-ueber-den-weg-zum-frieden\/\">Weiterlesen \u2192<\/a><\/p>\n","protected":false},"author":13,"featured_media":0,"comment_status":"closed","ping_status":"closed","sticky":false,"template":"","format":"standard","meta":{"footnotes":""},"categories":[14],"tags":[],"class_list":["post-2136","post","type-post","status-publish","format-standard","hentry","category-bei-anderen-gelesen"],"translation":{"provider":"WPGlobus","version":"3.0.2","language":"en","enabled_languages":["de","en","ru"],"languages":{"de":{"title":true,"content":true,"excerpt":false},"en":{"title":false,"content":false,"excerpt":false},"ru":{"title":false,"content":false,"excerpt":false}}},"_links":{"self":[{"href":"https:\/\/leibniz-institut.de\/en\/wp-json\/wp\/v2\/posts\/2136","targetHints":{"allow":["GET"]}}],"collection":[{"href":"https:\/\/leibniz-institut.de\/en\/wp-json\/wp\/v2\/posts"}],"about":[{"href":"https:\/\/leibniz-institut.de\/en\/wp-json\/wp\/v2\/types\/post"}],"author":[{"embeddable":true,"href":"https:\/\/leibniz-institut.de\/en\/wp-json\/wp\/v2\/users\/13"}],"replies":[{"embeddable":true,"href":"https:\/\/leibniz-institut.de\/en\/wp-json\/wp\/v2\/comments?post=2136"}],"version-history":[{"count":3,"href":"https:\/\/leibniz-institut.de\/en\/wp-json\/wp\/v2\/posts\/2136\/revisions"}],"predecessor-version":[{"id":2140,"href":"https:\/\/leibniz-institut.de\/en\/wp-json\/wp\/v2\/posts\/2136\/revisions\/2140"}],"wp:attachment":[{"href":"https:\/\/leibniz-institut.de\/en\/wp-json\/wp\/v2\/media?parent=2136"}],"wp:term":[{"taxonomy":"category","embeddable":true,"href":"https:\/\/leibniz-institut.de\/en\/wp-json\/wp\/v2\/categories?post=2136"},{"taxonomy":"post_tag","embeddable":true,"href":"https:\/\/leibniz-institut.de\/en\/wp-json\/wp\/v2\/tags?post=2136"}],"curies":[{"name":"wp","href":"https:\/\/api.w.org\/{rel}","templated":true}]}}