{"id":966,"date":"2018-06-04T07:07:57","date_gmt":"2018-06-04T07:07:57","guid":{"rendered":"https:\/\/leibniz-institut.de\/?p=966"},"modified":"2019-01-06T10:01:20","modified_gmt":"2019-01-06T10:01:20","slug":"13-interdisziplinaeres-gespraech","status":"publish","type":"post","link":"https:\/\/leibniz-institut.de\/ru\/13-interdisziplinaeres-gespraech\/","title":{"rendered":"13. Interdisziplin\u00e4res Gespr\u00e4ch &#171;Nachhaltigkeit und k\u00fcnstliche Intelligenz&#187;"},"content":{"rendered":"<p>An der Universit\u00e4t Leipzig findet am 13. Juli 2018, 10-15 Uhr das 13. Interdisziplin\u00e4re Gespr\u00e4ch<\/p>\n<p style=\"text-align: center;\"><strong>Nachhaltigkeit und k\u00fcnstliche Intelligenz<\/strong><\/p>\n<p>in den R\u00e4umen der Research Academy Leipzig,<br \/>\nW\u00e4chterstra\u00dfe 30, 04107 Leipzig<\/p>\n<p>statt, in dem wir der inflation\u00e4ren Verwendung des Begriffs &#171;k\u00fcnstliche Intelligenz&#187; nachgehen werden. Der alte <a class=\"body\" href=\"https:\/\/de.wikipedia.org\/wiki\/Turing-Test\">Turingsche Ansatz<\/a> der Unterscheidbarkeit von menschlichem und maschinellem Handeln durch einen geeignet elaborierten Fragenkatalog ist mit der Allgegenwart von pers\u00f6nlichen digitalen Assistenten (&#171;Alexa, sag mir bitte &#8230;&#187;) und Social Bots die praktische Grundlage l\u00e4ngst entzogen. Klaus Mainzer \u2013 unser Gast zum <a class=\"body\" href=\"http:\/\/www.dorfwiki.org\/wiki.cgi?HansGertGraebe\/LeipzigerGespraeche\/2016-01-29\">10. Interdisziplin\u00e4ren Gespr\u00e4ch<\/a> im Januar 2016 \u2013 schlug seine eigene Arbeitsdefinition, mit der einen Schritt zur\u00fccktritt und versucht, von einer technologisch gepr\u00e4gten Begriffsdefinition Abstand zu gewinnen zugunsten einer solchen, die auf Spezifika <em>praktischer<\/em> Einsatzformen wie &#171;Autonomie&#187;, &#171;Selbstst\u00e4ndigkeit&#187;, &#171;Effizienz&#187; und &#171;Komplexit\u00e4t&#187; orientiert. Peter Br\u00f6dner, unser Gast, kritisiert auch einen solchen Zugang und weist darauf hin, dass Mainzers Begriffe wenig geeignet sind, den <em>wachsenden<\/em> Vernetzungsgrad produktiver Praxen zu fassen.<\/p>\n<p><a href=\"http:\/\/www.dorfwiki.org\/wiki.cgi?HansGertGraebe\/LeipzigerGespraeche\/2018-07-13\">Mehr zur Veranstaltung &#8230;<\/a><\/p>\n","protected":false},"excerpt":{"rendered":"<p>An der Universit\u00e4t Leipzig findet am 13. Juli 2018, 10-15 Uhr das 13. Interdisziplin\u00e4re Gespr\u00e4ch Nachhaltigkeit und k\u00fcnstliche Intelligenz in den R\u00e4umen der Research Academy Leipzig, W\u00e4chterstra\u00dfe 30, 04107 Leipzig <a class=\"more-link\" href=\"https:\/\/leibniz-institut.de\/ru\/13-interdisziplinaeres-gespraech\/\">Weiterlesen \u2192<\/a><\/p>\n","protected":false},"author":2,"featured_media":0,"comment_status":"closed","ping_status":"closed","sticky":false,"template":"","format":"standard","meta":{"footnotes":""},"categories":[7],"tags":[],"class_list":["post-966","post","type-post","status-publish","format-standard","hentry","category-ankuendigung"],"translation":{"provider":"WPGlobus","version":"3.0.2","language":"ru","enabled_languages":["de","en","ru"],"languages":{"de":{"title":true,"content":true,"excerpt":false},"en":{"title":false,"content":false,"excerpt":false},"ru":{"title":false,"content":false,"excerpt":false}}},"_links":{"self":[{"href":"https:\/\/leibniz-institut.de\/ru\/wp-json\/wp\/v2\/posts\/966","targetHints":{"allow":["GET"]}}],"collection":[{"href":"https:\/\/leibniz-institut.de\/ru\/wp-json\/wp\/v2\/posts"}],"about":[{"href":"https:\/\/leibniz-institut.de\/ru\/wp-json\/wp\/v2\/types\/post"}],"author":[{"embeddable":true,"href":"https:\/\/leibniz-institut.de\/ru\/wp-json\/wp\/v2\/users\/2"}],"replies":[{"embeddable":true,"href":"https:\/\/leibniz-institut.de\/ru\/wp-json\/wp\/v2\/comments?post=966"}],"version-history":[{"count":3,"href":"https:\/\/leibniz-institut.de\/ru\/wp-json\/wp\/v2\/posts\/966\/revisions"}],"predecessor-version":[{"id":1068,"href":"https:\/\/leibniz-institut.de\/ru\/wp-json\/wp\/v2\/posts\/966\/revisions\/1068"}],"wp:attachment":[{"href":"https:\/\/leibniz-institut.de\/ru\/wp-json\/wp\/v2\/media?parent=966"}],"wp:term":[{"taxonomy":"category","embeddable":true,"href":"https:\/\/leibniz-institut.de\/ru\/wp-json\/wp\/v2\/categories?post=966"},{"taxonomy":"post_tag","embeddable":true,"href":"https:\/\/leibniz-institut.de\/ru\/wp-json\/wp\/v2\/tags?post=966"}],"curies":[{"name":"wp","href":"https:\/\/api.w.org\/{rel}","templated":true}]}}